{"id":11230,"date":"2021-07-21T15:06:53","date_gmt":"2021-07-21T13:06:53","guid":{"rendered":"https:\/\/www.acten.com\/?p=11230"},"modified":"2021-07-22T09:48:51","modified_gmt":"2021-07-22T07:48:51","slug":"fucoidan-und-seine-wirksamkeit-bei-osteoarthritis","status":"publish","type":"post","link":"https:\/\/www.acten.com\/de\/fucoidan-und-seine-wirksamkeit-bei-osteoarthritis\/","title":{"rendered":"Fucoidan und seine Wirksamkeit bei Osteoarthritis"},"content":{"rendered":"<section class=\"l-section wpb_row height_small\"><div class=\"l-section-h i-cf\"><div class=\"g-cols vc_row via_flex valign_top type_default stacking_default\"><div class=\"vc_col-sm-12 wpb_column vc_column_container\"><div class=\"vc_column-inner\"><div class=\"wpb_wrapper\"><div class=\"w-image align_none\"><div class=\"w-image-h\"><img width=\"1024\" height=\"1024\" src=\"https:\/\/www.acten.com\/wp-content\/uploads\/2021\/07\/Fucoidan-and-its-effectiveness-on-osteoarthritis.jpg\" class=\"attachment-shop_single size-shop_single\" alt=\"Fucoidan and its effectiveness on osteoarthritis\" decoding=\"async\" srcset=\"https:\/\/www.acten.com\/wp-content\/uploads\/2021\/07\/Fucoidan-and-its-effectiveness-on-osteoarthritis.jpg 1024w, https:\/\/www.acten.com\/wp-content\/uploads\/2021\/07\/Fucoidan-and-its-effectiveness-on-osteoarthritis-300x300.jpg 300w, https:\/\/www.acten.com\/wp-content\/uploads\/2021\/07\/Fucoidan-and-its-effectiveness-on-osteoarthritis-150x150.jpg 150w, https:\/\/www.acten.com\/wp-content\/uploads\/2021\/07\/Fucoidan-and-its-effectiveness-on-osteoarthritis-600x600.jpg 600w, https:\/\/www.acten.com\/wp-content\/uploads\/2021\/07\/Fucoidan-and-its-effectiveness-on-osteoarthritis-350x350.jpg 350w, https:\/\/www.acten.com\/wp-content\/uploads\/2021\/07\/Fucoidan-and-its-effectiveness-on-osteoarthritis-100x100.jpg 100w, https:\/\/www.acten.com\/wp-content\/uploads\/2021\/07\/Fucoidan-and-its-effectiveness-on-osteoarthritis-500x500.jpg 500w\" sizes=\"(max-width: 1024px) 100vw, 1024px\" \/><\/div><\/div><div class=\"w-separator size_medium\"><\/div><div class=\"wpb_text_column\"><div class=\"wpb_wrapper\"><div class=\"page\" title=\"Page 1\">\n<div class=\"section\">\n<div class=\"layoutArea\">\n<div class=\"column\">\n<h3>Was ist Fucus vesiculosus?<\/h3>\n<p>Fucus vesiculosus ist eine Algenart der n\u00f6rdlichen Hemisph\u00e4re, die in Gezeitenzonen vorkommt und allgemein als &#8222;Blasentang&#8220; bekannt ist. Es ist eine der Meeresalgen, die historisch als Kr\u00e4utermedizin verwendet wurde, um eine Vielzahl von Beschwerden zu behandeln, einschlie\u00dflich schmerzende Gelenke, Fettleibigkeit und M\u00fcdigkeit.<\/p>\n<p>Sie gilt als essbar und wird als medizinisches Lebensmittel konsumiert, aber die Einnahme muss begrenzt werden, um eine sichere Jodaufnahme zu gew\u00e4hrleisten.<\/p>\n<p>Fucus vesiculosus enth\u00e4lt, wie andere braune Makroalgen auch, einen hohen Anteil an Polysacchariden, einschlie\u00dflich des gelierenden Typs (Alginate) und des nicht-gelierenden, sulfatierten, fukosereichen &#8222;Fucoidan&#8220;.<\/p>\n<\/div>\n<\/div>\n<\/div>\n<\/div>\n<\/div><\/div><\/div><\/div><\/div><\/div><\/div><\/section><section class=\"l-section wpb_row height_medium\"><div class=\"l-section-h i-cf\"><div class=\"g-cols vc_row via_flex valign_top type_default stacking_default\"><div class=\"vc_col-sm-12 wpb_column vc_column_container\"><div class=\"vc_column-inner\"><div class=\"wpb_wrapper\"><div class=\"wpb_text_column\"><div class=\"wpb_wrapper\"><div class=\"page\" title=\"Page 1\">\n<div class=\"section\">\n<div class=\"layoutArea\">\n<div class=\"column\">\n<div class=\"page\" title=\"Page 1\">\n<div class=\"section\">\n<div class=\"layoutArea\">\n<div class=\"column\">\n<div class=\"page\" title=\"Page 1\">\n<div class=\"section\">\n<div class=\"layoutArea\">\n<div class=\"column\">\n<h3><a href=\"https:\/\/www.acten.com\/de\/produkt\/#algie\">Fucoidan und seine Eigenschaften:<\/a><\/h3>\n<p>Fucoidan als isolierte Komponente wird als Bestandteil von Nutrazeutika verwendet, insbesondere in Asien, wo es als Immununterst\u00fctzung gilt, die bei Krankheit und begleitend zu konventionellen Therapien eingenommen wird.<\/p>\n<p>Fucoidan hat sich als wirksam erwiesen, um die mit der Chemotherapie verbundene M\u00fcdigkeit zu reduzieren.<\/p>\n<p>Sie sind potente antivirale Wirkstoffe, die Immunreaktionen modulieren, Entz\u00fcndungen abschw\u00e4chen und einige krebshemmende Wirkungen in vitro und in Tiermodellen haben.<\/p>\n<\/div>\n<\/div>\n<\/div>\n<\/div>\n<\/div>\n<\/div>\n<\/div>\n<\/div>\n<\/div>\n<\/div>\n<\/div>\n<\/div>\n<\/div><\/div><div class=\"w-image align_none us_animate_fade\"><div class=\"w-image-h\"><img width=\"1920\" height=\"1080\" src=\"https:\/\/www.acten.com\/wp-content\/uploads\/2021\/07\/Fucoidan-and-itss-properties.jpg\" class=\"attachment-full size-full\" alt=\"Fucoidan and its beneficial properties\" decoding=\"async\" srcset=\"https:\/\/www.acten.com\/wp-content\/uploads\/2021\/07\/Fucoidan-and-itss-properties.jpg 1920w, https:\/\/www.acten.com\/wp-content\/uploads\/2021\/07\/Fucoidan-and-itss-properties-300x169.jpg 300w, https:\/\/www.acten.com\/wp-content\/uploads\/2021\/07\/Fucoidan-and-itss-properties-1024x576.jpg 1024w, https:\/\/www.acten.com\/wp-content\/uploads\/2021\/07\/Fucoidan-and-itss-properties-350x197.jpg 350w, https:\/\/www.acten.com\/wp-content\/uploads\/2021\/07\/Fucoidan-and-itss-properties-178x100.jpg 178w, https:\/\/www.acten.com\/wp-content\/uploads\/2021\/07\/Fucoidan-and-itss-properties-500x281.jpg 500w, https:\/\/www.acten.com\/wp-content\/uploads\/2021\/07\/Fucoidan-and-itss-properties-600x338.jpg 600w\" sizes=\"(max-width: 1920px) 100vw, 1920px\" \/><\/div><\/div><div class=\"w-separator size_medium\"><\/div><div class=\"wpb_text_column\"><div class=\"wpb_wrapper\"><h3>Osteoarthritis: Symptome und Risikofaktoren<\/h3>\n<p>Osteoarthritis (OA) ist eine h\u00e4ufige, langsam fortschreitende Gelenkerkrankung, die in der erwachsenen Bev\u00f6lkerung zu erheblichen Behinderungen f\u00fchrt. Die Pr\u00e4valenz der Erkrankung nimmt mit dem Alter zu. Zu den etablierten Risikofaktoren geh\u00f6ren Adipositas, lokale Traumata und Beruf.<\/p>\n<p>Schwere r\u00f6ntgenologische Ver\u00e4nderungen der Knie-OA finden sich bei 1% der Erwachsenen im Alter von 25-34 Jahren und steigen auf \u223c50% bei Erwachsenen im Alter von 75 Jahren und \u00e4lter. Die OA der H\u00fcfte und des Knies stellt die gr\u00f6\u00dfte Belastung f\u00fcr die erwachsene Bev\u00f6lkerung dar. Die Schmerzen und die Steifheit in diesen gro\u00dfen gewichtstragenden Gelenken verursachen oft eine erhebliche Behinderung, die zur Unf\u00e4higkeit f\u00fchrt, die normalen Aktivit\u00e4ten des t\u00e4glichen Lebens durchzuf\u00fchren, und in schweren F\u00e4llen eine Gelenkersatzoperation erfordert.<\/p>\n<\/div><\/div><div class=\"w-image align_none us_animate_fade\"><div class=\"w-image-h\"><img width=\"1920\" height=\"1080\" src=\"https:\/\/www.acten.com\/wp-content\/uploads\/2021\/07\/Medical-evidence-on-osteoarthritis.jpg\" class=\"attachment-full size-full\" alt=\"Medical evidence of beneficial effects on osteoarthritis\" decoding=\"async\" srcset=\"https:\/\/www.acten.com\/wp-content\/uploads\/2021\/07\/Medical-evidence-on-osteoarthritis.jpg 1920w, https:\/\/www.acten.com\/wp-content\/uploads\/2021\/07\/Medical-evidence-on-osteoarthritis-300x169.jpg 300w, https:\/\/www.acten.com\/wp-content\/uploads\/2021\/07\/Medical-evidence-on-osteoarthritis-1024x576.jpg 1024w, https:\/\/www.acten.com\/wp-content\/uploads\/2021\/07\/Medical-evidence-on-osteoarthritis-350x197.jpg 350w, https:\/\/www.acten.com\/wp-content\/uploads\/2021\/07\/Medical-evidence-on-osteoarthritis-178x100.jpg 178w, https:\/\/www.acten.com\/wp-content\/uploads\/2021\/07\/Medical-evidence-on-osteoarthritis-500x281.jpg 500w, https:\/\/www.acten.com\/wp-content\/uploads\/2021\/07\/Medical-evidence-on-osteoarthritis-600x338.jpg 600w\" sizes=\"(max-width: 1920px) 100vw, 1920px\" \/><\/div><\/div><div class=\"w-separator size_medium\"><\/div><div class=\"wpb_text_column\"><div class=\"wpb_wrapper\"><h3>Medizinische Studie: randomisierte Studie<\/h3>\n<p>In der Studie wurde eine randomisierte Studie mit entweder 100 mg oder 1.000 mg einer Fucoidan-reichen Algenextraktmischung an Probanden mit Osteoarthritis (OA) des Knies durchgef\u00fchrt. Der Hauptbestandteil des Extrakts war 85% F. vesiculosus Fucoidan. Die Studienteilnehmer wurden mit dem Comprehensive Osteoarthritis Test (COAT) Bewertungsinstrument \u00fcber einen Zeitraum von 12 Wochen beurteilt. Die Studie hatte einen hohen Grad an Compliance (&gt;95%), und das Pr\u00e4parat erwies sich als sicher in der Anwendung.<\/p>\n<p>Die Teilnehmer zeigten eine 52%ige Verbesserung der COAT-Scores bei einer Dosis von 1.000 mg Fucoidan und 18% bei einer Dosis von 100 mg. Die Dosis von 1.000 mg lieferte eine Wirkung, die mit der von nichtsteroidalen Antirheumatika vergleichbar ist.<\/p>\n<div class=\"page\" title=\"Page 2\">\n<div class=\"layoutArea\">\n<div class=\"column\">\n<div class=\"page\" title=\"Page 1\">\n<div class=\"section\">\n<div class=\"layoutArea\">\n<div class=\"page\" title=\"Page 1\">\n<div class=\"section\">\n<div class=\"layoutArea\">\n<div class=\"column\">\n<ul>\n<li>\n<div class=\"page\" title=\"Page 7\">\n<div class=\"layoutArea\">\n<div class=\"column\">\n<p><a href=\"https:\/\/pubmed.ncbi.nlm.nih.gov\/20376172\/\">Myers SP, O\u2019Connor J, Fitton JH, et al. A combined phase I and II open label study on the effects of a seaweed extract nutrient complex on osteoarthritis. Biologics. 2010;4:33\u201344.<\/a><\/p>\n<\/div>\n<\/div>\n<\/div>\n<\/li>\n<\/ul>\n<\/div>\n<\/div>\n<\/div>\n<\/div>\n<\/div>\n<\/div>\n<\/div>\n<\/div>\n<\/div>\n<\/div>\n<\/div><\/div><div class=\"w-separator size_medium\"><\/div><\/div><\/div><\/div><\/div><\/div><\/section>\n","protected":false},"excerpt":{"rendered":"Was ist Fucus vesiculosus? Fucus vesiculosus ist eine Algenart der n\u00f6rdlichen Hemisph\u00e4re, die in Gezeitenzonen vorkommt und allgemein als &#8222;Blasentang&#8220; bekannt ist. Es ist eine der Meeresalgen, die historisch als Kr\u00e4utermedizin verwendet wurde, um eine Vielzahl von Beschwerden zu behandeln, einschlie\u00dflich schmerzende Gelenke, Fettleibigkeit und M\u00fcdigkeit. Sie gilt als essbar und wird als medizinisches Lebensmittel...","protected":false},"author":742,"featured_media":11171,"comment_status":"closed","ping_status":"open","sticky":false,"template":"","format":"standard","meta":{"footnotes":""},"categories":[174],"tags":[175,178,177,108,150,176,53,179],"yoast_head":"<!-- This site is optimized with the Yoast SEO plugin v21.4 - https:\/\/yoast.com\/wordpress\/plugins\/seo\/ -->\n<title>Fucoidan und seine Wirksamkeit bei Osteoarthritis - ACTEN<\/title>\n<meta name=\"description\" content=\"Der Algenextrakt-N\u00e4hrstoffkomplex verringerte bei oraler Einnahme \u00fcber zw\u00f6lf Wochen die Symptome der Osteoarthritis in einer dosisabh\u00e4ngige..\" \/>\n<meta name=\"robots\" content=\"index, follow, max-snippet:-1, max-image-preview:large, max-video-preview:-1\" \/>\n<link rel=\"canonical\" href=\"https:\/\/www.acten.com\/de\/fucoidan-und-seine-wirksamkeit-bei-osteoarthritis\/\" \/>\n<meta property=\"og:locale\" content=\"de_DE\" \/>\n<meta property=\"og:type\" content=\"article\" \/>\n<meta property=\"og:title\" content=\"Fucoidan und seine Wirksamkeit bei Osteoarthritis - ACTEN\" \/>\n<meta property=\"og:description\" content=\"Der Algenextrakt-N\u00e4hrstoffkomplex verringerte bei oraler Einnahme \u00fcber zw\u00f6lf Wochen die Symptome der Osteoarthritis in einer dosisabh\u00e4ngige..\" \/>\n<meta property=\"og:url\" content=\"https:\/\/www.acten.com\/de\/fucoidan-und-seine-wirksamkeit-bei-osteoarthritis\/\" \/>\n<meta property=\"og:site_name\" content=\"ACTEN\" \/>\n<meta property=\"article:published_time\" content=\"2021-07-21T13:06:53+00:00\" \/>\n<meta property=\"article:modified_time\" content=\"2021-07-22T07:48:51+00:00\" \/>\n<meta property=\"og:image\" content=\"https:\/\/www.acten.com\/wp-content\/uploads\/2021\/07\/Fucoidan-and-its-effectiveness-on-osteoarthritis.jpg\" \/>\n\t<meta property=\"og:image:width\" content=\"1024\" \/>\n\t<meta property=\"og:image:height\" content=\"1024\" \/>\n\t<meta property=\"og:image:type\" content=\"image\/jpeg\" \/>\n<meta name=\"author\" content=\"Manuela Erlacher\" \/>\n<meta name=\"twitter:card\" content=\"summary_large_image\" \/>\n<meta name=\"twitter:label1\" content=\"Verfasst von\" \/>\n\t<meta name=\"twitter:data1\" content=\"Manuela Erlacher\" \/>\n\t<meta name=\"twitter:label2\" content=\"Gesch\u00e4tzte Lesezeit\" \/>\n\t<meta name=\"twitter:data2\" content=\"2 Minuten\" \/>\n<script type=\"application\/ld+json\" class=\"yoast-schema-graph\">{\"@context\":\"https:\/\/schema.org\",\"@graph\":[{\"@type\":\"Article\",\"@id\":\"https:\/\/www.acten.com\/de\/fucoidan-und-seine-wirksamkeit-bei-osteoarthritis\/#article\",\"isPartOf\":{\"@id\":\"https:\/\/www.acten.com\/de\/fucoidan-und-seine-wirksamkeit-bei-osteoarthritis\/\"},\"author\":{\"name\":\"Manuela Erlacher\",\"@id\":\"https:\/\/www.acten.com\/de\/#\/schema\/person\/a147304628e9e792608d2feaa1ec42a6\"},\"headline\":\"Fucoidan und seine Wirksamkeit bei Osteoarthritis\",\"datePublished\":\"2021-07-21T13:06:53+00:00\",\"dateModified\":\"2021-07-22T07:48:51+00:00\",\"mainEntityOfPage\":{\"@id\":\"https:\/\/www.acten.com\/de\/fucoidan-und-seine-wirksamkeit-bei-osteoarthritis\/\"},\"wordCount\":517,\"publisher\":{\"@id\":\"https:\/\/www.acten.com\/de\/#organization\"},\"keywords\":[\"Algenextrakt\",\"fucoidan\",\"Gelenke\",\"Kollagen\",\"Kollagen-Peptide\",\"N\u00e4hrstoffkomplex\",\"Nahrungserg\u00e4nzungsmittel\",\"osteoarthritis\"],\"articleSection\":[\"Health\"],\"inLanguage\":\"de-DE\"},{\"@type\":\"WebPage\",\"@id\":\"https:\/\/www.acten.com\/de\/fucoidan-und-seine-wirksamkeit-bei-osteoarthritis\/\",\"url\":\"https:\/\/www.acten.com\/de\/fucoidan-und-seine-wirksamkeit-bei-osteoarthritis\/\",\"name\":\"Fucoidan und seine Wirksamkeit bei Osteoarthritis - ACTEN\",\"isPartOf\":{\"@id\":\"https:\/\/www.acten.com\/de\/#website\"},\"datePublished\":\"2021-07-21T13:06:53+00:00\",\"dateModified\":\"2021-07-22T07:48:51+00:00\",\"description\":\"Der Algenextrakt-N\u00e4hrstoffkomplex verringerte bei oraler Einnahme \u00fcber zw\u00f6lf Wochen die Symptome der Osteoarthritis in einer dosisabh\u00e4ngige..\",\"breadcrumb\":{\"@id\":\"https:\/\/www.acten.com\/de\/fucoidan-und-seine-wirksamkeit-bei-osteoarthritis\/#breadcrumb\"},\"inLanguage\":\"de-DE\",\"potentialAction\":[{\"@type\":\"ReadAction\",\"target\":[\"https:\/\/www.acten.com\/de\/fucoidan-und-seine-wirksamkeit-bei-osteoarthritis\/\"]}]},{\"@type\":\"BreadcrumbList\",\"@id\":\"https:\/\/www.acten.com\/de\/fucoidan-und-seine-wirksamkeit-bei-osteoarthritis\/#breadcrumb\",\"itemListElement\":[{\"@type\":\"ListItem\",\"position\":1,\"name\":\"Home\",\"item\":\"https:\/\/www.acten.com\/de\/\"},{\"@type\":\"ListItem\",\"position\":2,\"name\":\"Fucoidan und seine Wirksamkeit bei Osteoarthritis\"}]},{\"@type\":\"WebSite\",\"@id\":\"https:\/\/www.acten.com\/de\/#website\",\"url\":\"https:\/\/www.acten.com\/de\/\",\"name\":\"ACTEN\",\"description\":\"the natural joint pain relief supplement\",\"publisher\":{\"@id\":\"https:\/\/www.acten.com\/de\/#organization\"},\"potentialAction\":[{\"@type\":\"SearchAction\",\"target\":{\"@type\":\"EntryPoint\",\"urlTemplate\":\"https:\/\/www.acten.com\/de\/?s={search_term_string}\"},\"query-input\":\"required name=search_term_string\"}],\"inLanguage\":\"de-DE\"},{\"@type\":\"Organization\",\"@id\":\"https:\/\/www.acten.com\/de\/#organization\",\"name\":\"Acten\",\"url\":\"https:\/\/www.acten.com\/de\/\",\"logo\":{\"@type\":\"ImageObject\",\"inLanguage\":\"de-DE\",\"@id\":\"https:\/\/www.acten.com\/de\/#\/schema\/logo\/image\/\",\"url\":\"https:\/\/www.acten.com\/wp-content\/uploads\/2021\/03\/acten-claim-1.png\",\"contentUrl\":\"https:\/\/www.acten.com\/wp-content\/uploads\/2021\/03\/acten-claim-1.png\",\"width\":292,\"height\":87,\"caption\":\"Acten\"},\"image\":{\"@id\":\"https:\/\/www.acten.com\/de\/#\/schema\/logo\/image\/\"}},{\"@type\":\"Person\",\"@id\":\"https:\/\/www.acten.com\/de\/#\/schema\/person\/a147304628e9e792608d2feaa1ec42a6\",\"name\":\"Manuela Erlacher\",\"url\":\"https:\/\/www.acten.com\/de\/author\/manuela\/\"}]}<\/script>\n<!-- \/ Yoast SEO plugin. -->","yoast_head_json":{"title":"Fucoidan und seine Wirksamkeit bei Osteoarthritis - ACTEN","description":"Der Algenextrakt-N\u00e4hrstoffkomplex verringerte bei oraler Einnahme \u00fcber zw\u00f6lf Wochen die Symptome der Osteoarthritis in einer dosisabh\u00e4ngige..","robots":{"index":"index","follow":"follow","max-snippet":"max-snippet:-1","max-image-preview":"max-image-preview:large","max-video-preview":"max-video-preview:-1"},"canonical":"https:\/\/www.acten.com\/de\/fucoidan-und-seine-wirksamkeit-bei-osteoarthritis\/","og_locale":"de_DE","og_type":"article","og_title":"Fucoidan und seine Wirksamkeit bei Osteoarthritis - ACTEN","og_description":"Der Algenextrakt-N\u00e4hrstoffkomplex verringerte bei oraler Einnahme \u00fcber zw\u00f6lf Wochen die Symptome der Osteoarthritis in einer dosisabh\u00e4ngige..","og_url":"https:\/\/www.acten.com\/de\/fucoidan-und-seine-wirksamkeit-bei-osteoarthritis\/","og_site_name":"ACTEN","article_published_time":"2021-07-21T13:06:53+00:00","article_modified_time":"2021-07-22T07:48:51+00:00","og_image":[{"width":1024,"height":1024,"url":"https:\/\/www.acten.com\/wp-content\/uploads\/2021\/07\/Fucoidan-and-its-effectiveness-on-osteoarthritis.jpg","type":"image\/jpeg"}],"author":"Manuela Erlacher","twitter_card":"summary_large_image","twitter_misc":{"Verfasst von":"Manuela Erlacher","Gesch\u00e4tzte Lesezeit":"2 Minuten"},"schema":{"@context":"https:\/\/schema.org","@graph":[{"@type":"Article","@id":"https:\/\/www.acten.com\/de\/fucoidan-und-seine-wirksamkeit-bei-osteoarthritis\/#article","isPartOf":{"@id":"https:\/\/www.acten.com\/de\/fucoidan-und-seine-wirksamkeit-bei-osteoarthritis\/"},"author":{"name":"Manuela Erlacher","@id":"https:\/\/www.acten.com\/de\/#\/schema\/person\/a147304628e9e792608d2feaa1ec42a6"},"headline":"Fucoidan und seine Wirksamkeit bei Osteoarthritis","datePublished":"2021-07-21T13:06:53+00:00","dateModified":"2021-07-22T07:48:51+00:00","mainEntityOfPage":{"@id":"https:\/\/www.acten.com\/de\/fucoidan-und-seine-wirksamkeit-bei-osteoarthritis\/"},"wordCount":517,"publisher":{"@id":"https:\/\/www.acten.com\/de\/#organization"},"keywords":["Algenextrakt","fucoidan","Gelenke","Kollagen","Kollagen-Peptide","N\u00e4hrstoffkomplex","Nahrungserg\u00e4nzungsmittel","osteoarthritis"],"articleSection":["Health"],"inLanguage":"de-DE"},{"@type":"WebPage","@id":"https:\/\/www.acten.com\/de\/fucoidan-und-seine-wirksamkeit-bei-osteoarthritis\/","url":"https:\/\/www.acten.com\/de\/fucoidan-und-seine-wirksamkeit-bei-osteoarthritis\/","name":"Fucoidan und seine Wirksamkeit bei Osteoarthritis - ACTEN","isPartOf":{"@id":"https:\/\/www.acten.com\/de\/#website"},"datePublished":"2021-07-21T13:06:53+00:00","dateModified":"2021-07-22T07:48:51+00:00","description":"Der Algenextrakt-N\u00e4hrstoffkomplex verringerte bei oraler Einnahme \u00fcber zw\u00f6lf Wochen die Symptome der Osteoarthritis in einer dosisabh\u00e4ngige..","breadcrumb":{"@id":"https:\/\/www.acten.com\/de\/fucoidan-und-seine-wirksamkeit-bei-osteoarthritis\/#breadcrumb"},"inLanguage":"de-DE","potentialAction":[{"@type":"ReadAction","target":["https:\/\/www.acten.com\/de\/fucoidan-und-seine-wirksamkeit-bei-osteoarthritis\/"]}]},{"@type":"BreadcrumbList","@id":"https:\/\/www.acten.com\/de\/fucoidan-und-seine-wirksamkeit-bei-osteoarthritis\/#breadcrumb","itemListElement":[{"@type":"ListItem","position":1,"name":"Home","item":"https:\/\/www.acten.com\/de\/"},{"@type":"ListItem","position":2,"name":"Fucoidan und seine Wirksamkeit bei Osteoarthritis"}]},{"@type":"WebSite","@id":"https:\/\/www.acten.com\/de\/#website","url":"https:\/\/www.acten.com\/de\/","name":"ACTEN","description":"the natural joint pain relief supplement","publisher":{"@id":"https:\/\/www.acten.com\/de\/#organization"},"potentialAction":[{"@type":"SearchAction","target":{"@type":"EntryPoint","urlTemplate":"https:\/\/www.acten.com\/de\/?s={search_term_string}"},"query-input":"required name=search_term_string"}],"inLanguage":"de-DE"},{"@type":"Organization","@id":"https:\/\/www.acten.com\/de\/#organization","name":"Acten","url":"https:\/\/www.acten.com\/de\/","logo":{"@type":"ImageObject","inLanguage":"de-DE","@id":"https:\/\/www.acten.com\/de\/#\/schema\/logo\/image\/","url":"https:\/\/www.acten.com\/wp-content\/uploads\/2021\/03\/acten-claim-1.png","contentUrl":"https:\/\/www.acten.com\/wp-content\/uploads\/2021\/03\/acten-claim-1.png","width":292,"height":87,"caption":"Acten"},"image":{"@id":"https:\/\/www.acten.com\/de\/#\/schema\/logo\/image\/"}},{"@type":"Person","@id":"https:\/\/www.acten.com\/de\/#\/schema\/person\/a147304628e9e792608d2feaa1ec42a6","name":"Manuela Erlacher","url":"https:\/\/www.acten.com\/de\/author\/manuela\/"}]}},"_links":{"self":[{"href":"https:\/\/www.acten.com\/de\/wp-json\/wp\/v2\/posts\/11230"}],"collection":[{"href":"https:\/\/www.acten.com\/de\/wp-json\/wp\/v2\/posts"}],"about":[{"href":"https:\/\/www.acten.com\/de\/wp-json\/wp\/v2\/types\/post"}],"author":[{"embeddable":true,"href":"https:\/\/www.acten.com\/de\/wp-json\/wp\/v2\/users\/742"}],"replies":[{"embeddable":true,"href":"https:\/\/www.acten.com\/de\/wp-json\/wp\/v2\/comments?post=11230"}],"version-history":[{"count":1,"href":"https:\/\/www.acten.com\/de\/wp-json\/wp\/v2\/posts\/11230\/revisions"}],"predecessor-version":[{"id":11231,"href":"https:\/\/www.acten.com\/de\/wp-json\/wp\/v2\/posts\/11230\/revisions\/11231"}],"wp:featuredmedia":[{"embeddable":true,"href":"https:\/\/www.acten.com\/de\/wp-json\/wp\/v2\/media\/11171"}],"wp:attachment":[{"href":"https:\/\/www.acten.com\/de\/wp-json\/wp\/v2\/media?parent=11230"}],"wp:term":[{"taxonomy":"category","embeddable":true,"href":"https:\/\/www.acten.com\/de\/wp-json\/wp\/v2\/categories?post=11230"},{"taxonomy":"post_tag","embeddable":true,"href":"https:\/\/www.acten.com\/de\/wp-json\/wp\/v2\/tags?post=11230"}],"curies":[{"name":"wp","href":"https:\/\/api.w.org\/{rel}","templated":true}]}}